{"id":416,"date":"2024-06-14T15:06:12","date_gmt":"2024-06-14T13:06:12","guid":{"rendered":"https:\/\/www.ruzovypaloucek.cz\/?p=416"},"modified":"2024-10-13T18:07:46","modified_gmt":"2024-10-13T16:07:46","slug":"slavnost-na-ruzovem-paloucku-2024","status":"publish","type":"post","link":"https:\/\/www.ruzovypaloucek.cz\/?p=416","title":{"rendered":"Slavnost na R\u016f\u017eov\u00e9m palou\u010dku 2024"},"content":{"rendered":"\n<p>Mil\u00ed p\u0159\u00e1tel\u00e9 R\u016f\u017eov\u00e9ho palou\u010dku,<\/p>\n\n\n\n<p>dovolte mi, abych v\u00e1s pozval na tradi\u010dn\u00ed Slavnost na R\u016f\u017eov\u00e9m palou\u010dku, kter\u00e1 prob\u011bhne v ned\u011bli 7. 7. 2024 od 14:00 hodin.<\/p>\n\n\n\n<p>Na Slavnosti vystoup\u00ed:<\/p>\n\n\n\n<p class=\"has-medium-font-size\"><strong>\u0158e\u010dn\u00edci:<\/strong><\/p>\n\n\n\n<p><strong>Michal Korty\u0161<\/strong><\/p>\n\n\n\n<p>sen\u00e1tor za obvod \u010d. 50 (Svitavy), Sen\u00e1t Parlamentu \u010cR, m\u00edstop\u0159edseda Podv\u00fdboru pro energetiku a dopravu V\u00fdboru pro hospod\u00e1\u0159stv\u00ed, zem\u011bd\u011blstv\u00ed a dopravu<\/p>\n\n\n\n<p><strong>Jan Bistranin<\/strong><\/p>\n\n\n\n<p>p\u0159edseda spolku Exulant sdru\u017euj\u00edc\u00edho potomky \u010desk\u00fdch exulant\u016f pro v\u00edru<\/p>\n\n\n\n<p><strong>PaedDr. Vladim\u00edr Honz\u00e1lek<\/strong><\/p>\n\n\n\n<p>Emeritn\u00ed \u0159editel Z\u0160 Telec\u00ed: Zp\u00edvaj\u00edc\u00ed l\u00edpa z Telec\u00ed, strom roku 2021 \u010cR \u2013 p\u0159\u00edb\u011bh a okolnosti p\u0159enesen\u00ed dce\u0159in\u00e9 odno\u017ee l\u00edpy na R\u016f\u017eov\u00fd palou\u010dek, kterou poskytla Mgr. Veronika Dvo\u0159\u00e1\u010dkov\u00e1, zakladatelka Asociace z\u00e1stupc\u016f \u010desk\u00fdch \u0161kol v zahrani\u010d\u00ed z. s.<\/p>\n\n\n\n<p><strong>Iva Jirovsk\u00e1<\/strong><\/p>\n\n\n\n<p>spolek \u010cesk\u00e1 \u0161kola bez hranic, 15 let po cel\u00e9m sv\u011bt\u011b pom\u00e1haj\u00ed zakl\u00e1dat \u010desk\u00e9 \u0161koly pro d\u011bti s \u010desk\u00fdmi ko\u0159eny<\/p>\n\n\n\n<p class=\"has-medium-font-size\"><strong>Hudebn\u00ed vystoupen\u00ed<\/strong><\/p>\n\n\n\n<p><strong>Slavn\u00e9 opern\u00ed melodie<\/strong><\/p>\n\n\n\n<p><strong>Mgr. art. Boris Pr\u00fdgl, ArtD.<\/strong>, basbarytonista, opern\u00ed p\u011bvec<\/p>\n\n\n\n<p><strong>Ahmad Hedar<\/strong>, \u010desk\u00fd klav\u00edrista, zp\u011bv\u00e1k<\/p>\n\n\n\n<p><strong>Mgr. art. Jana \u017denkov\u00e1<\/strong>, sopr\u00e1n, u\u010ditelka zp\u011bvu<\/p>\n\n\n\n<p><strong>Consonare<\/strong>, evangelick\u00e9 pozounov\u00e9 sbory<\/p>\n\n\n\n<p>Souzvuk, \u010desko-n\u011bmeck\u00fd pozounov\u00fd sbor doprov\u00e1zej\u00edc\u00ed zp\u011bv evangelick\u00fdch bohoslu\u017eeb, dechov\u00e1 duchovn\u00ed hudba.<\/p>\n\n\n\n<p><strong>Cloggers<\/strong><\/p>\n\n\n\n<p>tane\u010dn\u00ed skupina sdru\u017euj\u00edc\u00ed jedny z nejlep\u0161\u00edch stepa\u0159\u016f (clogger\u016f) v \u010cR<\/p>\n\n\n\n<p><strong>Tom\u00e1\u0161 Kl\u00e1sek<\/strong> \u2013 Zp\u00edvaj\u00edc\u00ed heligonka<\/p>\n\n\n\n<p>Lidov\u00e9 a zlidov\u011bl\u00e9 p\u00edsn\u011b, kter\u00e9 si se \u201ezednick\u00fdm pianem\u201c r\u00e1di spole\u010dn\u011b zazp\u00edv\u00e1me&nbsp;<\/p>\n\n\n\n<figure class=\"wp-block-image size-large\"><img loading=\"lazy\" decoding=\"async\" width=\"729\" height=\"1024\" src=\"https:\/\/www.ruzovypaloucek.cz\/wp-content\/uploads\/2024\/06\/RUZOVY_PALOUCEK_Slavnost_2024-729x1024.png\" alt=\"\" class=\"wp-image-417\" srcset=\"https:\/\/www.ruzovypaloucek.cz\/wp-content\/uploads\/2024\/06\/RUZOVY_PALOUCEK_Slavnost_2024-729x1024.png 729w, https:\/\/www.ruzovypaloucek.cz\/wp-content\/uploads\/2024\/06\/RUZOVY_PALOUCEK_Slavnost_2024-214x300.png 214w, https:\/\/www.ruzovypaloucek.cz\/wp-content\/uploads\/2024\/06\/RUZOVY_PALOUCEK_Slavnost_2024-768x1078.png 768w, https:\/\/www.ruzovypaloucek.cz\/wp-content\/uploads\/2024\/06\/RUZOVY_PALOUCEK_Slavnost_2024-1094x1536.png 1094w, https:\/\/www.ruzovypaloucek.cz\/wp-content\/uploads\/2024\/06\/RUZOVY_PALOUCEK_Slavnost_2024-1200x1685.png 1200w\" sizes=\"auto, (max-width: 709px) 85vw, (max-width: 909px) 67vw, (max-width: 984px) 61vw, (max-width: 1362px) 45vw, 600px\" \/><\/figure>\n","protected":false},"excerpt":{"rendered":"<p>Mil\u00ed p\u0159\u00e1tel\u00e9 R\u016f\u017eov\u00e9ho palou\u010dku, dovolte mi, abych v\u00e1s pozval na tradi\u010dn\u00ed Slavnost na R\u016f\u017eov\u00e9m palou\u010dku, kter\u00e1 prob\u011bhne v ned\u011bli 7. 7. 2024 od 14:00 hodin. Na Slavnosti vystoup\u00ed: \u0158e\u010dn\u00edci: Michal Korty\u0161 sen\u00e1tor za obvod \u010d. 50 (Svitavy), Sen\u00e1t Parlamentu \u010cR, m\u00edstop\u0159edseda Podv\u00fdboru pro energetiku a dopravu V\u00fdboru pro hospod\u00e1\u0159stv\u00ed, zem\u011bd\u011blstv\u00ed a dopravu Jan Bistranin p\u0159edseda &hellip; <a href=\"https:\/\/www.ruzovypaloucek.cz\/?p=416\" class=\"more-link\">Continue reading<span class=\"screen-reader-text\"> &#8222;Slavnost na R\u016f\u017eov\u00e9m palou\u010dku 2024&#8220;<\/span><\/a><\/p>\n","protected":false},"author":1,"featured_media":318,"comment_status":"closed","ping_status":"open","sticky":false,"template":"","format":"standard","meta":{"footnotes":""},"categories":[9],"tags":[],"class_list":["post-416","post","type-post","status-publish","format-standard","has-post-thumbnail","hentry","category-novinky"],"_links":{"self":[{"href":"https:\/\/www.ruzovypaloucek.cz\/index.php?rest_route=\/wp\/v2\/posts\/416","targetHints":{"allow":["GET"]}}],"collection":[{"href":"https:\/\/www.ruzovypaloucek.cz\/index.php?rest_route=\/wp\/v2\/posts"}],"about":[{"href":"https:\/\/www.ruzovypaloucek.cz\/index.php?rest_route=\/wp\/v2\/types\/post"}],"author":[{"embeddable":true,"href":"https:\/\/www.ruzovypaloucek.cz\/index.php?rest_route=\/wp\/v2\/users\/1"}],"replies":[{"embeddable":true,"href":"https:\/\/www.ruzovypaloucek.cz\/index.php?rest_route=%2Fwp%2Fv2%2Fcomments&post=416"}],"version-history":[{"count":4,"href":"https:\/\/www.ruzovypaloucek.cz\/index.php?rest_route=\/wp\/v2\/posts\/416\/revisions"}],"predecessor-version":[{"id":424,"href":"https:\/\/www.ruzovypaloucek.cz\/index.php?rest_route=\/wp\/v2\/posts\/416\/revisions\/424"}],"wp:featuredmedia":[{"embeddable":true,"href":"https:\/\/www.ruzovypaloucek.cz\/index.php?rest_route=\/wp\/v2\/media\/318"}],"wp:attachment":[{"href":"https:\/\/www.ruzovypaloucek.cz\/index.php?rest_route=%2Fwp%2Fv2%2Fmedia&parent=416"}],"wp:term":[{"taxonomy":"category","embeddable":true,"href":"https:\/\/www.ruzovypaloucek.cz\/index.php?rest_route=%2Fwp%2Fv2%2Fcategories&post=416"},{"taxonomy":"post_tag","embeddable":true,"href":"https:\/\/www.ruzovypaloucek.cz\/index.php?rest_route=%2Fwp%2Fv2%2Ftags&post=416"}],"curies":[{"name":"wp","href":"https:\/\/api.w.org\/{rel}","templated":true}]}}