{"id":150,"date":"2024-05-28T17:32:10","date_gmt":"2024-05-28T17:32:10","guid":{"rendered":"https:\/\/www.ruzovypaloucek.cz\/?p=150"},"modified":"2024-05-30T23:25:59","modified_gmt":"2024-05-30T21:25:59","slug":"ruzovy-paloucek-na-dobovych-pohlednicich","status":"publish","type":"post","link":"https:\/\/www.ruzovypaloucek.cz\/?p=150","title":{"rendered":"R\u016f\u017eov\u00fd palou\u010dek na dobov\u00fdch pohlednic\u00edch"},"content":{"rendered":"\n<figure class=\"wp-block-image size-full\"><img loading=\"lazy\" decoding=\"async\" width=\"549\" height=\"335\" src=\"https:\/\/www.ruzovypaloucek.cz\/wp-content\/uploads\/2024\/05\/Obrazek1.jpg\" alt=\"\" class=\"wp-image-43\" srcset=\"https:\/\/www.ruzovypaloucek.cz\/wp-content\/uploads\/2024\/05\/Obrazek1.jpg 549w, https:\/\/www.ruzovypaloucek.cz\/wp-content\/uploads\/2024\/05\/Obrazek1-300x183.jpg 300w\" sizes=\"auto, (max-width: 549px) 85vw, 549px\" \/><\/figure>\n\n\n\n<p>Na pohlednici je krom\u011b postav n\u00e1v\u0161t\u011bvn\u00edk\u016f patrn\u00fd tak\u00e9 k\u00e1men z p\u00edskovce, do n\u011bho\u017e je vytesan\u00e1 lyra. Tento k\u00e1men byl na Palou\u010dek instalov\u00e1n p\u011bveck\u00fdm sborem Vlastimil v roce 1853. Dnes se tento k\u00e1men nach\u00e1z\u00ed mezi r\u016f\u017eemi, p\u0159i\u010dem\u017e nen\u00ed jasn\u00e9, zda se jedn\u00e1 o jeho p\u016fvodn\u00ed m\u00edsto.<\/p>\n\n\n\n<figure class=\"wp-block-image size-full\"><img loading=\"lazy\" decoding=\"async\" width=\"540\" height=\"334\" src=\"https:\/\/www.ruzovypaloucek.cz\/wp-content\/uploads\/2024\/05\/Obrazek2.jpg\" alt=\"\" class=\"wp-image-42\" srcset=\"https:\/\/www.ruzovypaloucek.cz\/wp-content\/uploads\/2024\/05\/Obrazek2.jpg 540w, https:\/\/www.ruzovypaloucek.cz\/wp-content\/uploads\/2024\/05\/Obrazek2-300x186.jpg 300w\" sizes=\"auto, (max-width: 540px) 85vw, 540px\" \/><\/figure>\n\n\n\n<p>Ke k\u0159\u00ed\u017eku zachycen\u00e9mu na pohlednici se v\u00e1\u017ee pov\u011bst o po\u017e\u00e1ru pazderny, ke kter\u00e9mu do\u0161lo v roce 1844. B\u011bhem t\u00e9to trag\u00e9die zem\u0159ela mimo jin\u00e9 i dcera pana Dr\u00e1bka &#8211; majitele pozemku, na n\u011bm\u017e se Palou\u010dek nach\u00e1zel. K\u0159\u00ed\u017eek sem dal um\u00edstit pr\u00e1v\u011b on v upom\u00ednku na tuto smutnou ud\u00e1lost. Pan Kon\u00ed\u010dek, kter\u00fd se na grunt \u010d\u00edslo 30 p\u0159i\u017eenil a stal se nov\u00fdm majitelem R\u016f\u017eov\u00e9ho palou\u010dku, p\u0159em\u00edstil k\u0159\u00ed\u017e v roce 1909 na m\u00edsto, kde se d\u0159\u00edve nach\u00e1zela pazderna, s n\u00ed\u017e m\u011bl k\u0159\u00ed\u017e souvislost. Na tomto m\u00edst\u011b se k\u0159\u00ed\u017e p\u0159ipom\u00ednaj\u00edc\u00ed trag\u00e9dii nach\u00e1z\u00ed dodnes. Na pohlednici jsou tak\u00e9 zobrazen\u00e9 r\u016f\u017ee, k jejich\u017e oplocen\u00ed do\u0161lo v roce 1909 &#8211; a\u017e pot\u00e9, co byl pozemek roku 1906 zakoupen. Pohlednice byla po\u0159\u00edzena z\u0159ejm\u011b kolem roku 1909, tedy kr\u00e1tce p\u0159edt\u00edm, ne\u017e byl k\u0159\u00ed\u017e odinstalov\u00e1n.<\/p>\n\n\n\n<figure class=\"wp-block-image size-full\"><img loading=\"lazy\" decoding=\"async\" width=\"517\" height=\"340\" src=\"https:\/\/www.ruzovypaloucek.cz\/wp-content\/uploads\/2024\/05\/Obrazek5.jpg\" alt=\"\" class=\"wp-image-41\" srcset=\"https:\/\/www.ruzovypaloucek.cz\/wp-content\/uploads\/2024\/05\/Obrazek5.jpg 517w, https:\/\/www.ruzovypaloucek.cz\/wp-content\/uploads\/2024\/05\/Obrazek5-300x197.jpg 300w\" sizes=\"auto, (max-width: 517px) 85vw, 517px\" \/><\/figure>\n\n\n\n<p>Na t\u00e9to pohlednici je op\u011bt zachycen k\u0159\u00ed\u017eek a tak\u00e9 lid\u00e9 s d\u00edt\u011btem, co\u017e dokazuje, \u017ee toto m\u00edsto slou\u017eilo jako v\u00fdletn\u00ed a pam\u00e1tn\u00e9 m\u00edsto i v d\u0159\u00edv\u011bj\u0161\u00edch dob\u00e1ch.<\/p>\n\n\n\n<figure class=\"wp-block-image size-full\"><img loading=\"lazy\" decoding=\"async\" width=\"506\" height=\"317\" src=\"https:\/\/www.ruzovypaloucek.cz\/wp-content\/uploads\/2024\/05\/Obrazek6.jpg\" alt=\"\" class=\"wp-image-40\" srcset=\"https:\/\/www.ruzovypaloucek.cz\/wp-content\/uploads\/2024\/05\/Obrazek6.jpg 506w, https:\/\/www.ruzovypaloucek.cz\/wp-content\/uploads\/2024\/05\/Obrazek6-300x188.jpg 300w\" sizes=\"auto, (max-width: 506px) 85vw, 506px\" \/><\/figure>\n\n\n\n<p>Na t\u00e9to pohlednici je zachycen R\u016f\u017eov\u00fd palou\u010dek kr\u00e1tce po roce 1921, kdy zde byl postaven pam\u00e1tn\u00edk. Projekt v\u00fdsadby navrhl v roce 1923 architekt Kuli\u0161an, p\u0159i\u010dem\u017e jeho realizace byla postupn\u00e1 a stromy, kter\u00e9 jsou na pohlednici, tedy sou\u010d\u00e1st\u00ed projektu nebyly. Orba prob\u00edhaj\u00edc\u00ed p\u0159ed pomn\u00edkem potvrzuje, \u017ee jeho okol\u00ed bylo vyu\u017e\u00edv\u00e1no sp\u00ed\u0161e k zem\u011bd\u011blsk\u00fdm ne\u017e poutn\u00edm \u00fa\u010del\u016fm, jak uv\u00e1d\u00ed z\u00e1znam v Josef\u00ednsk\u00e9m katastru, podle n\u011bho\u017e se jedn\u00e1 o &#8222;Palou\u010dek v t\u00e9 roli \u010derven\u00fd nazvan\u00fd docela neu\u017eite\u010dn\u00fd.&#8220; \u201eV t\u00e9 roli\u201c znamen\u00e1 \u201ev tom pozemku\u201c obhospoda\u0159ovan\u00e9m i po t\u00e9, co sem byl instalov\u00e1n pam\u00e1tn\u00edk, \u010d\u00edm\u017e se stal R\u016f\u017eov\u00fd palou\u010dek opravdu v\u00fdjime\u010dn\u00fdm. Dne\u0161n\u00ed p\u0159\u00edjezdn\u00ed komunikace k Palou\u010dku byla vym\u011b\u0159ena a realizov\u00e1na v roce 1921. Kdo cht\u011bl tedy toto pam\u00e1tn\u00e9 m\u00edsto nav\u0161t\u00edvit, musel j\u00edt p\u0159es obd\u011bl\u00e1van\u00e9 pole a mo\u017en\u00e1 i trochu hledat, nebo\u0165 v bl\u00edzkosti nebyl \u017e\u00e1dn\u00fd v\u00fdrazn\u00fd porost \u010di p\u0159\u00edrodn\u00ed \u00fatvar, kter\u00fd by p\u0159ich\u00e1zej\u00edc\u00ed na pam\u00e1tn\u00e9 m\u00edsto upozor\u0148oval. R\u016f\u017ee, je\u017e jsou pro Palou\u010dek typick\u00e9 a prop\u016fj\u010duj\u00ed mu z\u00e1rove\u0148 sv\u00e9 jm\u00e9no, na pohlednici nejsou vid\u011bt, nebo\u0165 jsou odkvetl\u00e9.<\/p>\n","protected":false},"excerpt":{"rendered":"<p>Prohl\u00e9dn\u011bte si historick\u00e9 sn\u00edmky, kter\u00e9 zachycuj\u00ed kr\u00e1su a atmosf\u00e9ru R\u016f\u017eov\u00e9ho palou\u010dku, dopln\u011bn\u00e9 o kr\u00e1tk\u00e9 popisky ke ka\u017ed\u00e9 pohlednici.<\/p>\n","protected":false},"author":1,"featured_media":41,"comment_status":"closed","ping_status":"closed","sticky":false,"template":"templates\/post.php","format":"standard","meta":{"footnotes":""},"categories":[9],"tags":[],"class_list":["post-150","post","type-post","status-publish","format-standard","has-post-thumbnail","hentry","category-novinky"],"_links":{"self":[{"href":"https:\/\/www.ruzovypaloucek.cz\/index.php?rest_route=\/wp\/v2\/posts\/150","targetHints":{"allow":["GET"]}}],"collection":[{"href":"https:\/\/www.ruzovypaloucek.cz\/index.php?rest_route=\/wp\/v2\/posts"}],"about":[{"href":"https:\/\/www.ruzovypaloucek.cz\/index.php?rest_route=\/wp\/v2\/types\/post"}],"author":[{"embeddable":true,"href":"https:\/\/www.ruzovypaloucek.cz\/index.php?rest_route=\/wp\/v2\/users\/1"}],"replies":[{"embeddable":true,"href":"https:\/\/www.ruzovypaloucek.cz\/index.php?rest_route=%2Fwp%2Fv2%2Fcomments&post=150"}],"version-history":[{"count":1,"href":"https:\/\/www.ruzovypaloucek.cz\/index.php?rest_route=\/wp\/v2\/posts\/150\/revisions"}],"predecessor-version":[{"id":151,"href":"https:\/\/www.ruzovypaloucek.cz\/index.php?rest_route=\/wp\/v2\/posts\/150\/revisions\/151"}],"wp:featuredmedia":[{"embeddable":true,"href":"https:\/\/www.ruzovypaloucek.cz\/index.php?rest_route=\/wp\/v2\/media\/41"}],"wp:attachment":[{"href":"https:\/\/www.ruzovypaloucek.cz\/index.php?rest_route=%2Fwp%2Fv2%2Fmedia&parent=150"}],"wp:term":[{"taxonomy":"category","embeddable":true,"href":"https:\/\/www.ruzovypaloucek.cz\/index.php?rest_route=%2Fwp%2Fv2%2Fcategories&post=150"},{"taxonomy":"post_tag","embeddable":true,"href":"https:\/\/www.ruzovypaloucek.cz\/index.php?rest_route=%2Fwp%2Fv2%2Ftags&post=150"}],"curies":[{"name":"wp","href":"https:\/\/api.w.org\/{rel}","templated":true}]}}